{"id":440,"date":"2023-01-26T19:14:25","date_gmt":"2023-01-26T19:14:25","guid":{"rendered":"http:\/\/www.xn--stmarkail-k8a.no\/?p=440"},"modified":"2025-11-23T13:06:30","modified_gmt":"2025-11-23T13:06:30","slug":"storsatsing-2023","status":"publish","type":"post","link":"https:\/\/www.xn--stmarkail-k8a.no\/?p=440","title":{"rendered":"Aktivitetsdag 2023"},"content":{"rendered":"\n<p>\u00d8stmarka Idrettslag inviterer til en aktivitetsdag for psykisk utviklingshemmede den 3. juni. Arrangementet er et resultat av et nytt samarbeid mellom \u00d8stmarka og flere frivillige organisasjoner som NFU L\u00f8renskog, Lions, L\u00f8renskog Gymnastikk Lag, Sk\u00f8yteklubben L\u00f8renskog og Sk\u00e5rer Menighet.<\/p>\n\n\n\n<p>Under aktivitetsdagen vil det v\u00e6re en rekke ulike aktiviteter \u00e5 delta p\u00e5, inkludert dans, sang og idrettskonkurranser. Det blir ogs\u00e5 en oppvisning med et korps, samt en oppvisning med Sune Wenzel, tidligere verdensmester i freesbee.<\/p>\n\n\n\n<p>Mat og drikke vil v\u00e6re tilgjengelig for deltakerne, og det beste av alt er at deltagelse er helt gratis og \u00e5pent for alle. Vi h\u00e5per \u00e5 se mange av dere der den 3. juni for en morsom og inkluderende dag!<\/p>\n","protected":false},"excerpt":{"rendered":"<p>\u00d8stmarka Idrettslag inviterer til en aktivitetsdag for psykisk utviklingshemmede den 3. juni. Arrangementet er et resultat av et nytt samarbeid mellom \u00d8stmarka og flere frivillige organisasjoner som NFU L\u00f8renskog, Lions, L\u00f8renskog Gymnastikk Lag, Sk\u00f8yteklubben L\u00f8renskog og Sk\u00e5rer Menighet. Under aktivitetsdagen vil det v\u00e6re en rekke ulike aktiviteter \u00e5 delta p\u00e5, inkludert dans, sang og idrettskonkurranser. Det blir ogs\u00e5 en oppvisning med et korps, samt en oppvisning med Sune Wenzel, tidligere verdensmester i freesbee. Mat og drikke vil v\u00e6re tilgjengelig for&#8230;<\/p>\n<p class=\"read-more\"><a class=\"btn btn-default\" href=\"https:\/\/www.xn--stmarkail-k8a.no\/?p=440\">Les mer<span class=\"screen-reader-text\"> Les mer<\/span><\/a><\/p>\n","protected":false},"author":3,"featured_media":0,"comment_status":"closed","ping_status":"open","sticky":false,"template":"","format":"standard","meta":{"footnotes":""},"categories":[1],"tags":[],"class_list":["post-440","post","type-post","status-publish","format-standard","hentry","category-uncategorized"],"yoast_head":"<!-- This site is optimized with the Yoast SEO plugin v27.0 - https:\/\/yoast.com\/product\/yoast-seo-wordpress\/ -->\n<title>Aktivitetsdag 2023 - \u00d8stmarka IL<\/title>\n<meta name=\"robots\" content=\"index, follow, max-snippet:-1, max-image-preview:large, max-video-preview:-1\" \/>\n<link rel=\"canonical\" href=\"https:\/\/www.xn--stmarkail-k8a.no\/?p=440\" \/>\n<meta property=\"og:locale\" content=\"nb_NO\" \/>\n<meta property=\"og:type\" content=\"article\" \/>\n<meta property=\"og:title\" content=\"Aktivitetsdag 2023 - \u00d8stmarka IL\" \/>\n<meta property=\"og:description\" content=\"\u00d8stmarka Idrettslag inviterer til en aktivitetsdag for psykisk utviklingshemmede den 3. juni. Arrangementet er et resultat av et nytt samarbeid mellom \u00d8stmarka og flere frivillige organisasjoner som NFU L\u00f8renskog, Lions, L\u00f8renskog Gymnastikk Lag, Sk\u00f8yteklubben L\u00f8renskog og Sk\u00e5rer Menighet. Under aktivitetsdagen vil det v\u00e6re en rekke ulike aktiviteter \u00e5 delta p\u00e5, inkludert dans, sang og idrettskonkurranser. Det blir ogs\u00e5 en oppvisning med et korps, samt en oppvisning med Sune Wenzel, tidligere verdensmester i freesbee. Mat og drikke vil v\u00e6re tilgjengelig for...Les mer Les mer\" \/>\n<meta property=\"og:url\" content=\"https:\/\/www.xn--stmarkail-k8a.no\/?p=440\" \/>\n<meta property=\"og:site_name\" content=\"\u00d8stmarka IL\" \/>\n<meta property=\"article:published_time\" content=\"2023-01-26T19:14:25+00:00\" \/>\n<meta property=\"article:modified_time\" content=\"2025-11-23T13:06:30+00:00\" \/>\n<meta name=\"author\" content=\"Benjamin Borge\" \/>\n<meta name=\"twitter:card\" content=\"summary_large_image\" \/>\n<meta name=\"twitter:label1\" content=\"Skrevet av\" \/>\n\t<meta name=\"twitter:data1\" content=\"Benjamin Borge\" \/>\n\t<meta name=\"twitter:label2\" content=\"Ansl. lesetid\" \/>\n\t<meta name=\"twitter:data2\" content=\"1 minutt\" \/>\n<script type=\"application\/ld+json\" class=\"yoast-schema-graph\">{\"@context\":\"https:\/\/schema.org\",\"@graph\":[{\"@type\":\"Article\",\"@id\":\"https:\/\/www.xn--stmarkail-k8a.no\/?p=440#article\",\"isPartOf\":{\"@id\":\"https:\/\/www.xn--stmarkail-k8a.no\/?p=440\"},\"author\":{\"name\":\"Benjamin Borge\",\"@id\":\"https:\/\/www.xn--stmarkail-k8a.no\/#\/schema\/person\/29525311153a6d5949075c37b58fe697\"},\"headline\":\"Aktivitetsdag 2023\",\"datePublished\":\"2023-01-26T19:14:25+00:00\",\"dateModified\":\"2025-11-23T13:06:30+00:00\",\"mainEntityOfPage\":{\"@id\":\"https:\/\/www.xn--stmarkail-k8a.no\/?p=440\"},\"wordCount\":118,\"articleSection\":[\"Uncategorized\"],\"inLanguage\":\"nb-NO\"},{\"@type\":\"WebPage\",\"@id\":\"https:\/\/www.xn--stmarkail-k8a.no\/?p=440\",\"url\":\"https:\/\/www.xn--stmarkail-k8a.no\/?p=440\",\"name\":\"Aktivitetsdag 2023 - \u00d8stmarka IL\",\"isPartOf\":{\"@id\":\"https:\/\/www.xn--stmarkail-k8a.no\/#website\"},\"datePublished\":\"2023-01-26T19:14:25+00:00\",\"dateModified\":\"2025-11-23T13:06:30+00:00\",\"author\":{\"@id\":\"https:\/\/www.xn--stmarkail-k8a.no\/#\/schema\/person\/29525311153a6d5949075c37b58fe697\"},\"breadcrumb\":{\"@id\":\"https:\/\/www.xn--stmarkail-k8a.no\/?p=440#breadcrumb\"},\"inLanguage\":\"nb-NO\",\"potentialAction\":[{\"@type\":\"ReadAction\",\"target\":[\"https:\/\/www.xn--stmarkail-k8a.no\/?p=440\"]}]},{\"@type\":\"BreadcrumbList\",\"@id\":\"https:\/\/www.xn--stmarkail-k8a.no\/?p=440#breadcrumb\",\"itemListElement\":[{\"@type\":\"ListItem\",\"position\":1,\"name\":\"Hjem\",\"item\":\"https:\/\/www.xn--stmarkail-k8a.no\/\"},{\"@type\":\"ListItem\",\"position\":2,\"name\":\"Aktivitetsdag 2023\"}]},{\"@type\":\"WebSite\",\"@id\":\"https:\/\/www.xn--stmarkail-k8a.no\/#website\",\"url\":\"https:\/\/www.xn--stmarkail-k8a.no\/\",\"name\":\"\u00d8stmarka IL\",\"description\":\"\",\"potentialAction\":[{\"@type\":\"SearchAction\",\"target\":{\"@type\":\"EntryPoint\",\"urlTemplate\":\"https:\/\/www.xn--stmarkail-k8a.no\/?s={search_term_string}\"},\"query-input\":{\"@type\":\"PropertyValueSpecification\",\"valueRequired\":true,\"valueName\":\"search_term_string\"}}],\"inLanguage\":\"nb-NO\"},{\"@type\":\"Person\",\"@id\":\"https:\/\/www.xn--stmarkail-k8a.no\/#\/schema\/person\/29525311153a6d5949075c37b58fe697\",\"name\":\"Benjamin Borge\",\"image\":{\"@type\":\"ImageObject\",\"inLanguage\":\"nb-NO\",\"@id\":\"https:\/\/www.xn--stmarkail-k8a.no\/#\/schema\/person\/image\/\",\"url\":\"https:\/\/secure.gravatar.com\/avatar\/7d76b074d829e2deffadbecaf3b177153b47076a81cf5440dabd77b744277533?s=96&d=mm&r=g\",\"contentUrl\":\"https:\/\/secure.gravatar.com\/avatar\/7d76b074d829e2deffadbecaf3b177153b47076a81cf5440dabd77b744277533?s=96&d=mm&r=g\",\"caption\":\"Benjamin Borge\"},\"url\":\"https:\/\/www.xn--stmarkail-k8a.no\/?author=3\"}]}<\/script>\n<!-- \/ Yoast SEO plugin. -->","yoast_head_json":{"title":"Aktivitetsdag 2023 - \u00d8stmarka IL","robots":{"index":"index","follow":"follow","max-snippet":"max-snippet:-1","max-image-preview":"max-image-preview:large","max-video-preview":"max-video-preview:-1"},"canonical":"https:\/\/www.xn--stmarkail-k8a.no\/?p=440","og_locale":"nb_NO","og_type":"article","og_title":"Aktivitetsdag 2023 - \u00d8stmarka IL","og_description":"\u00d8stmarka Idrettslag inviterer til en aktivitetsdag for psykisk utviklingshemmede den 3. juni. Arrangementet er et resultat av et nytt samarbeid mellom \u00d8stmarka og flere frivillige organisasjoner som NFU L\u00f8renskog, Lions, L\u00f8renskog Gymnastikk Lag, Sk\u00f8yteklubben L\u00f8renskog og Sk\u00e5rer Menighet. Under aktivitetsdagen vil det v\u00e6re en rekke ulike aktiviteter \u00e5 delta p\u00e5, inkludert dans, sang og idrettskonkurranser. Det blir ogs\u00e5 en oppvisning med et korps, samt en oppvisning med Sune Wenzel, tidligere verdensmester i freesbee. Mat og drikke vil v\u00e6re tilgjengelig for...Les mer Les mer","og_url":"https:\/\/www.xn--stmarkail-k8a.no\/?p=440","og_site_name":"\u00d8stmarka IL","article_published_time":"2023-01-26T19:14:25+00:00","article_modified_time":"2025-11-23T13:06:30+00:00","author":"Benjamin Borge","twitter_card":"summary_large_image","twitter_misc":{"Skrevet av":"Benjamin Borge","Ansl. lesetid":"1 minutt"},"schema":{"@context":"https:\/\/schema.org","@graph":[{"@type":"Article","@id":"https:\/\/www.xn--stmarkail-k8a.no\/?p=440#article","isPartOf":{"@id":"https:\/\/www.xn--stmarkail-k8a.no\/?p=440"},"author":{"name":"Benjamin Borge","@id":"https:\/\/www.xn--stmarkail-k8a.no\/#\/schema\/person\/29525311153a6d5949075c37b58fe697"},"headline":"Aktivitetsdag 2023","datePublished":"2023-01-26T19:14:25+00:00","dateModified":"2025-11-23T13:06:30+00:00","mainEntityOfPage":{"@id":"https:\/\/www.xn--stmarkail-k8a.no\/?p=440"},"wordCount":118,"articleSection":["Uncategorized"],"inLanguage":"nb-NO"},{"@type":"WebPage","@id":"https:\/\/www.xn--stmarkail-k8a.no\/?p=440","url":"https:\/\/www.xn--stmarkail-k8a.no\/?p=440","name":"Aktivitetsdag 2023 - \u00d8stmarka IL","isPartOf":{"@id":"https:\/\/www.xn--stmarkail-k8a.no\/#website"},"datePublished":"2023-01-26T19:14:25+00:00","dateModified":"2025-11-23T13:06:30+00:00","author":{"@id":"https:\/\/www.xn--stmarkail-k8a.no\/#\/schema\/person\/29525311153a6d5949075c37b58fe697"},"breadcrumb":{"@id":"https:\/\/www.xn--stmarkail-k8a.no\/?p=440#breadcrumb"},"inLanguage":"nb-NO","potentialAction":[{"@type":"ReadAction","target":["https:\/\/www.xn--stmarkail-k8a.no\/?p=440"]}]},{"@type":"BreadcrumbList","@id":"https:\/\/www.xn--stmarkail-k8a.no\/?p=440#breadcrumb","itemListElement":[{"@type":"ListItem","position":1,"name":"Hjem","item":"https:\/\/www.xn--stmarkail-k8a.no\/"},{"@type":"ListItem","position":2,"name":"Aktivitetsdag 2023"}]},{"@type":"WebSite","@id":"https:\/\/www.xn--stmarkail-k8a.no\/#website","url":"https:\/\/www.xn--stmarkail-k8a.no\/","name":"\u00d8stmarka IL","description":"","potentialAction":[{"@type":"SearchAction","target":{"@type":"EntryPoint","urlTemplate":"https:\/\/www.xn--stmarkail-k8a.no\/?s={search_term_string}"},"query-input":{"@type":"PropertyValueSpecification","valueRequired":true,"valueName":"search_term_string"}}],"inLanguage":"nb-NO"},{"@type":"Person","@id":"https:\/\/www.xn--stmarkail-k8a.no\/#\/schema\/person\/29525311153a6d5949075c37b58fe697","name":"Benjamin Borge","image":{"@type":"ImageObject","inLanguage":"nb-NO","@id":"https:\/\/www.xn--stmarkail-k8a.no\/#\/schema\/person\/image\/","url":"https:\/\/secure.gravatar.com\/avatar\/7d76b074d829e2deffadbecaf3b177153b47076a81cf5440dabd77b744277533?s=96&d=mm&r=g","contentUrl":"https:\/\/secure.gravatar.com\/avatar\/7d76b074d829e2deffadbecaf3b177153b47076a81cf5440dabd77b744277533?s=96&d=mm&r=g","caption":"Benjamin Borge"},"url":"https:\/\/www.xn--stmarkail-k8a.no\/?author=3"}]}},"_links":{"self":[{"href":"https:\/\/www.xn--stmarkail-k8a.no\/index.php?rest_route=\/wp\/v2\/posts\/440","targetHints":{"allow":["GET"]}}],"collection":[{"href":"https:\/\/www.xn--stmarkail-k8a.no\/index.php?rest_route=\/wp\/v2\/posts"}],"about":[{"href":"https:\/\/www.xn--stmarkail-k8a.no\/index.php?rest_route=\/wp\/v2\/types\/post"}],"author":[{"embeddable":true,"href":"https:\/\/www.xn--stmarkail-k8a.no\/index.php?rest_route=\/wp\/v2\/users\/3"}],"replies":[{"embeddable":true,"href":"https:\/\/www.xn--stmarkail-k8a.no\/index.php?rest_route=%2Fwp%2Fv2%2Fcomments&post=440"}],"version-history":[{"count":3,"href":"https:\/\/www.xn--stmarkail-k8a.no\/index.php?rest_route=\/wp\/v2\/posts\/440\/revisions"}],"predecessor-version":[{"id":443,"href":"https:\/\/www.xn--stmarkail-k8a.no\/index.php?rest_route=\/wp\/v2\/posts\/440\/revisions\/443"}],"wp:attachment":[{"href":"https:\/\/www.xn--stmarkail-k8a.no\/index.php?rest_route=%2Fwp%2Fv2%2Fmedia&parent=440"}],"wp:term":[{"taxonomy":"category","embeddable":true,"href":"https:\/\/www.xn--stmarkail-k8a.no\/index.php?rest_route=%2Fwp%2Fv2%2Fcategories&post=440"},{"taxonomy":"post_tag","embeddable":true,"href":"https:\/\/www.xn--stmarkail-k8a.no\/index.php?rest_route=%2Fwp%2Fv2%2Ftags&post=440"}],"curies":[{"name":"wp","href":"https:\/\/api.w.org\/{rel}","templated":true}]}}